{"id":2667,"date":"2026-03-12T08:00:00","date_gmt":"2026-03-12T07:00:00","guid":{"rendered":"https:\/\/infoconsumotoscana.it\/?p=2667"},"modified":"2026-03-09T12:20:17","modified_gmt":"2026-03-09T11:20:17","slug":"prosegue-per-un-altro-anno-la-sperimentazione-dello-psicologo-di-base","status":"publish","type":"post","link":"https:\/\/infoconsumotoscana.it\/?p=2667","title":{"rendered":"Prosegue per un altro anno la sperimentazione dello psicologo di base"},"content":{"rendered":"\n<p><a href=\"https:\/\/www.toscana-notizie.it\/-\/prosegue-per-un-altro-anno-la-sperimentazione-dello-psicologo-di-base\" data-type=\"link\" data-id=\"https:\/\/www.toscana-notizie.it\/-\/prosegue-per-un-altro-anno-la-sperimentazione-dello-psicologo-di-base\" target=\"_blank\" rel=\"noreferrer noopener\">Lo psicologo di base funziona<\/a>. La valutazione della sperimentazione del nuovo servizio avviata a settembre del 2024 in sette sedi pu\u00f2 dirsi positiva e la Regione ha deciso una proroga di altri dodici mesi, a partire da marzo 2026, in tutte e ventuno le strutture nel frattempo coinvolte.<\/p>\n\n\n\n<p>Il filtro garantito dallo psicologo di base ha permesso, ad esempio, di ridurre il ricorso incongruo ad esami e visite specialistiche. Ha aiutato ad intercettare in modo precoce situazioni che compromettono il benessere psicologico delle persone. Si \u00e8 ben integrato con altri servizi sanitari e con l\u2019attivit\u00e0 dei medici di medicina generale e dei pediatri di libera scelta ed aiutato la prevenzione e riduzione del disagio psicologico. Per altri dodici mesi di attivit\u00e0 la Regione ha stanziato 675 mila euro.<\/p>\n\n\n\n<p>Il servizio \u00e8 gratuito per tutti i cittadini ed \u00e8 attivabile dai medici di famiglia e dai pediatri di libera scelta che operano all\u2019interno delle case di comunit\u00e0 coinvolte nella sperimentazione. Le casistiche affrontate dagli psicologi in questi mesi spaziano da disturbi legati a depressione, stress, crisi di panico, agorofobia ed emotivit\u00e0 a disagi legati a lutti o perdita ed assenza di lavoro. Ma i disturbi, a volte somatizzati, hanno avuto in alcuni casi come causa anche conflitti e separazioni, cambiamenti imposti da una malattia, la transizione da infanzia ad adolescenza, la nascita di un figlio o il pensionamento, le crisi di coppia o nelle relazioni tra genitori e figli.<\/p>\n\n\n\n<p><strong>Psicologo di base: le sedi a cui rivolgersi<\/strong><br>Nell\u2019Asl Toscana centro la sperimentazione era partita da Firenze con tre psicologi nel presidio sanitario \u201cDalla Piccola\u201d e nelle case di comunit\u00e0 \u201cMorgagni\u201d e \u201cLe Piagge\u201d. Proprio a Le Piagge, dove la richiesta era elevata, \u00e8 stato successivamente inserito un ulteriore professionista e sono state raddoppiate le sedi. Poi hanno aperto gli ambulatori di Greve in Chianti al presidio sanitario in via della pace, a Calenzano alla casa di comunit\u00e0 in piazza Gramsci 12 ad Empoli (presso la Casa della salute Sant\u2019Andrea in via San Mamante 44), a Vernio in provincia di Prato (alla casa di comunit\u00e0 in via Bacheroni 2) e a San Marcello Piteglio (presso la casa di comunit\u00e0 in via Marconi 160) in provincia di Pistoia.<\/p>\n\n\n\n<p>Nell\u2019Asl Toscana nord ovest ai due psicologi di base operativi fin dall\u2019inizio nella casa di comunit\u00e0 di Querceta si sono sommati gli ambulatori di Carrara (alla Casa della salute in Piazza Sacco e Vanzetti), della Piana di Lucca (alla Casa della salute di San Leonardo in Treponzio a Capannori e alla Casa della Salute di Campo di Marte a Lucca), di Livorno (alla Casa della salute di Stagno) e di Pisa (alla Casa della salute in via Garibaldi).<\/p>\n\n\n\n<p>Nell\u2019Asl Toscana sud est il servizio di psicologia di base \u00e8 attivo a San Giovanni Valdarno in provincia di Arezzo (presso la Casa della salute in via 3 Novembre 18), a Siena (alla Casa di comunit\u00e0 di Fontebecci), a Grosseto (nella Casa di comunit\u00e0, via Don Minzoni 3), presso la Centrale operativa territoriale di Orbetello, ad Arezzo (alla Casa di comunit\u00e0 in via XXV Aprile) e ad Abbadia San Salvatore (nella Casa di comunit\u00e0 a Piazzale Michelangelo 26).<\/p>\n","protected":false},"excerpt":{"rendered":"<p>I professionisti operano in ventuno sedi distribuite nelle tre Asl della Regione Toscana.<\/p>\n","protected":false},"author":4,"featured_media":2668,"comment_status":"closed","ping_status":"open","sticky":false,"template":"","format":"standard","meta":{"footnotes":""},"categories":[4],"tags":[272,57,131,53],"class_list":["post-2667","post","type-post","status-publish","format-standard","has-post-thumbnail","hentry","category-informazioni-utili","tag-psicologo","tag-regione-toscana","tag-sanita","tag-sociale"],"_links":{"self":[{"href":"https:\/\/infoconsumotoscana.it\/index.php?rest_route=\/wp\/v2\/posts\/2667","targetHints":{"allow":["GET"]}}],"collection":[{"href":"https:\/\/infoconsumotoscana.it\/index.php?rest_route=\/wp\/v2\/posts"}],"about":[{"href":"https:\/\/infoconsumotoscana.it\/index.php?rest_route=\/wp\/v2\/types\/post"}],"author":[{"embeddable":true,"href":"https:\/\/infoconsumotoscana.it\/index.php?rest_route=\/wp\/v2\/users\/4"}],"replies":[{"embeddable":true,"href":"https:\/\/infoconsumotoscana.it\/index.php?rest_route=%2Fwp%2Fv2%2Fcomments&post=2667"}],"version-history":[{"count":1,"href":"https:\/\/infoconsumotoscana.it\/index.php?rest_route=\/wp\/v2\/posts\/2667\/revisions"}],"predecessor-version":[{"id":2669,"href":"https:\/\/infoconsumotoscana.it\/index.php?rest_route=\/wp\/v2\/posts\/2667\/revisions\/2669"}],"wp:featuredmedia":[{"embeddable":true,"href":"https:\/\/infoconsumotoscana.it\/index.php?rest_route=\/wp\/v2\/media\/2668"}],"wp:attachment":[{"href":"https:\/\/infoconsumotoscana.it\/index.php?rest_route=%2Fwp%2Fv2%2Fmedia&parent=2667"}],"wp:term":[{"taxonomy":"category","embeddable":true,"href":"https:\/\/infoconsumotoscana.it\/index.php?rest_route=%2Fwp%2Fv2%2Fcategories&post=2667"},{"taxonomy":"post_tag","embeddable":true,"href":"https:\/\/infoconsumotoscana.it\/index.php?rest_route=%2Fwp%2Fv2%2Ftags&post=2667"}],"curies":[{"name":"wp","href":"https:\/\/api.w.org\/{rel}","templated":true}]}}